{"id":30667,"date":"2023-01-01T04:07:17","date_gmt":"2023-01-01T03:07:17","guid":{"rendered":"https:\/\/car4rent.fr\/location-de-voitures-de-luxe-sur-la-cote-dazur\/"},"modified":"2024-06-22T03:27:49","modified_gmt":"2024-06-22T01:27:49","slug":"location-de-voitures-de-luxe-sur-la-cote-dazur","status":"publish","type":"post","link":"https:\/\/car4rent.fr\/fr\/location-de-voitures-de-luxe-sur-la-cote-dazur\/","title":{"rendered":"Location de voitures de luxe sur la C\u00f4te d&rsquo;Azur"},"content":{"rendered":"\n<style type=\"text\/css\" data-created_by=\"avia_inline_auto\" id=\"style-css-av-o1m901-ac10f351a30d2e34e09f7bbdbb02bfb6\">\n.flex_column.av-o1m901-ac10f351a30d2e34e09f7bbdbb02bfb6{\nborder-radius:0px 0px 0px 0px;\npadding:0px 0px 0px 0px;\n}\n<\/style>\n<div  class='flex_column av-o1m901-ac10f351a30d2e34e09f7bbdbb02bfb6 av_one_full  avia-builder-el-0  el_before_av_one_full  avia-builder-el-first  first flex_column_div av-zero-column-padding  '     ><style type=\"text\/css\" data-created_by=\"avia_inline_auto\" id=\"style-css-av-jjirw5hr-ca2c1910825a3ad99fc732f900747e16\">\n.avia-image-container.av-jjirw5hr-ca2c1910825a3ad99fc732f900747e16 img.avia_image{\nbox-shadow:none;\n}\n.avia-image-container.av-jjirw5hr-ca2c1910825a3ad99fc732f900747e16 .av-image-caption-overlay-center{\ncolor:#ffffff;\n}\n<\/style>\n<div  class='avia-image-container av-jjirw5hr-ca2c1910825a3ad99fc732f900747e16 av-styling- avia-align-center  avia-builder-el-1  avia-builder-el-no-sibling '  ><div class=\"avia-image-container-inner\"><div class=\"avia-image-overlay-wrap\"><img decoding=\"async\" fetchpriority=\"high\" class=\"wp-image-29521 avia-img-lazy-loading-not-29521 avia_image \" src=\"https:\/\/car4rent.fr\/wp-content\/uploads\/porsche-targa-cap-ferrat-1030x773.jpg\" alt=\"Car4Rent\" title=\"Car4rent Rent luxury car in french riviera lowest prices\" height=\"773\" width=\"1030\" srcset=\"https:\/\/car4rent.fr\/wp-content\/uploads\/porsche-targa-cap-ferrat-1030x773.jpg 1030w, https:\/\/car4rent.fr\/wp-content\/uploads\/porsche-targa-cap-ferrat-300x225.jpg 300w, https:\/\/car4rent.fr\/wp-content\/uploads\/porsche-targa-cap-ferrat-768x576.jpg 768w, https:\/\/car4rent.fr\/wp-content\/uploads\/porsche-targa-cap-ferrat-248x186.jpg 248w, https:\/\/car4rent.fr\/wp-content\/uploads\/porsche-targa-cap-ferrat-107x80.jpg 107w, https:\/\/car4rent.fr\/wp-content\/uploads\/porsche-targa-cap-ferrat-1500x1125.jpg 1500w, https:\/\/car4rent.fr\/wp-content\/uploads\/porsche-targa-cap-ferrat-705x529.jpg 705w, https:\/\/car4rent.fr\/wp-content\/uploads\/porsche-targa-cap-ferrat-450x338.jpg 450w\" sizes=\"(max-width: 1030px) 100vw, 1030px\"><\/div><\/div><\/div><\/div>\n<style type=\"text\/css\" data-created_by=\"avia_inline_auto\" id=\"style-css-av-kpmz69-9738ddc0f4ff83b1e596dc50278ec545\">\n.flex_column.av-kpmz69-9738ddc0f4ff83b1e596dc50278ec545{\nborder-radius:0px 0px 0px 0px;\npadding:0px 0px 0px 0px;\n}\n<\/style>\n<div  class='flex_column av-kpmz69-9738ddc0f4ff83b1e596dc50278ec545 av_one_full  avia-builder-el-2  el_after_av_one_full  el_before_av_one_third  first flex_column_div av-zero-column-padding  column-top-margin'     ><style type=\"text\/css\" data-created_by=\"avia_inline_auto\" id=\"style-css-av-js09qqbf-a64971274b76daf9f245ef71c5f5d665\">\n#top .av-special-heading.av-js09qqbf-a64971274b76daf9f245ef71c5f5d665{\npadding-bottom:10px;\n}\nbody .av-special-heading.av-js09qqbf-a64971274b76daf9f245ef71c5f5d665 .av-special-heading-tag .heading-char{\nfont-size:25px;\n}\n.av-special-heading.av-js09qqbf-a64971274b76daf9f245ef71c5f5d665 .av-subheading{\nfont-size:15px;\n}\n<\/style>\n<div  class='av-special-heading av-js09qqbf-a64971274b76daf9f245ef71c5f5d665 av-special-heading-h2 blockquote modern-quote modern-centered  avia-builder-el-3  avia-builder-el-no-sibling '><h2 class='av-special-heading-tag '  >Location de voitures de luxe sur la C\u00f4te d\u2019Azur &#8211; Prix les plus bas<\/h2><div class=\"special-heading-border\"><div class=\"special-heading-inner-border\"><\/div><\/div><\/div><\/div><\/p>\n\n<style type=\"text\/css\" data-created_by=\"avia_inline_auto\" id=\"style-css-av-hyzvo1-a58b9bb3c6fa99a3cc52d8dfb36af759\">\n.flex_column.av-hyzvo1-a58b9bb3c6fa99a3cc52d8dfb36af759{\nborder-radius:0px 0px 0px 0px;\npadding:0px 0px 0px 0px;\n}\n<\/style>\n<div  class='flex_column av-hyzvo1-a58b9bb3c6fa99a3cc52d8dfb36af759 av_one_third  avia-builder-el-4  el_after_av_one_full  el_before_av_one_third  first flex_column_div av-zero-column-padding  column-top-margin'     ><section  class='av_textblock_section av-foxhn5-cbe91aaa550224baae17c7aca8c77fa1 '  ><div class='avia_textblock' ><h2>Location de voitures de luxe sur la C\u00f4te d&rsquo;Azur : un bon rapport qualit\u00e9-prix<\/h2>\n<p>Car4rent propose des tarifs raisonnablement comp\u00e9titifs et s&rsquo;efforce d&rsquo;\u00eatre clair. Nous donnons \u00e0 nos clients des informations correctes sur ce qui est inclus dans le co\u00fbt de la location. Nous \/ affichons les diff\u00e9rentes franchises, les conditions g\u00e9n\u00e9rales et les \u00e9ventuels suppl\u00e9ments. Nous envoyons au client une facture si des dommages sont constat\u00e9s apr\u00e8s le retour, au lieu de d\u00e9duire sournoisement un montant inexpliqu\u00e9 de la carte de cr\u00e9dit laiss\u00e9e en garantie.<\/p>\n<h5>Transparence<\/h5>\n<p>Nous voulons \u00eatre transparents \u00e0 100 %. Nous ne voulons pas contrarier nos clients et souhaitons qu&rsquo;ils reviennent vers nous. Notre personnel n&rsquo;est pas cens\u00e9 vendre des extras et n&rsquo;a pas de primes sur les ventes. Nous offrons une politique de carburant complet pour que vous ne payiez jamais le double du prix \u00e0 la pompe et que vous n&rsquo;utilisiez pas tout le carburant.<\/p>\n<figure id=\"fm-id-1\" class=\"media media--lead media--portrait-photo social--sharing is_fm-image-sharing is_fm-toggle\" data-fm-image-sharing=\"twitterTag:'TravellerAU'\" data-event-tracking-enabled=\"false\" data-track-data=\"{\"><figcaption class=\"media__caption\"><\/figcaption><\/figure>\n<p><img loading=\"lazy\" decoding=\"async\" class=\"alignnone size-medium wp-image-13559\" src=\"https:\/\/car4rent.fr\/wp-content\/uploads\/\/lowest-price-promise-300x250.jpg\" alt=\"Car4rent Location de voitures de luxe promesse de prix les plus bas\" width=\"300\" height=\"250\" title=\"Car4Rent Cannes\" srcset=\"https:\/\/car4rent.fr\/wp-content\/uploads\/\/lowest-price-promise-300x250.jpg 300w, https:\/\/car4rent.fr\/wp-content\/uploads\/\/lowest-price-promise-231x192.jpg 231w, https:\/\/car4rent.fr\/wp-content\/uploads\/\/lowest-price-promise-96x80.jpg 96w, https:\/\/car4rent.fr\/wp-content\/uploads\/\/lowest-price-promise.jpg 341w\" sizes=\"auto, (max-width: 300px) 100vw, 300px\" \/><\/p>\n<\/div><\/section><\/div>\n<style type=\"text\/css\" data-created_by=\"avia_inline_auto\" id=\"style-css-av-dwp8wh-5e2d905bcdc85f0df064b5290189d2c6\">\n.flex_column.av-dwp8wh-5e2d905bcdc85f0df064b5290189d2c6{\nborder-radius:0px 0px 0px 0px;\npadding:0px 0px 0px 0px;\n}\n<\/style>\n<div  class='flex_column av-dwp8wh-5e2d905bcdc85f0df064b5290189d2c6 av_one_third  avia-builder-el-6  el_after_av_one_third  el_before_av_one_third  flex_column_div av-zero-column-padding  column-top-margin'     ><section  class='av_textblock_section av-c8uyw1-15830d8b3f68c7269582f32499d6324d '  ><div class='avia_textblock' ><h3>Location de voitures de luxe sur la C\u00f4te d&rsquo;Azur : Grand choix de v\u00e9hicules de location de luxe<\/h3>\n<p>Notre impressionnante s\u00e9lection de voitures de luxe \u00e0 louer ne manquera pas de vous plaire. Quelle marque de voiture vous parle ? Notre s\u00e9lection de v\u00e9hicules de luxe vous permettra non seulement d&rsquo;arriver en beaut\u00e9, mais aussi de vous amuser \u00e0 chaque instant au volant.<\/p>\n<p><span style=\"font-size: 14pt;\">Choisissez votre voiture de location<\/span><\/p>\n<p>Vous avez un large choix : <a href=\"https:\/\/car4rent.fr\/fr\/louer-une-ferrari\/\"><strong>Ferrari<\/strong><\/a>,\n            <a href=\"https:\/\/car4rent.fr\/fr\/louer-une-lamborghini\/\"><strong>Lamborghini<\/strong><\/a>,\n            <a href=\"https:\/\/car4rent.fr\/fr\/louer-une-porsche\/\"><strong>Porsche<\/strong><\/a>,\n            <a href=\"https:\/\/car4rent.fr\/fr\/louer-un-land-rover\/\"><strong>Land Rover<\/strong><\/a>,\n            <a href=\"https:\/\/car4rent.fr\/fr\/louer-une-mercedes\/\"><strong>Mercedes AMG<\/strong><\/a>,\n            <a href=\"https:\/\/car4rent.fr\/fr\/louer-une-bentley\/\"><strong>Bentley<\/strong><\/a>,\n            <a href=\"https:\/\/car4rent.fr\/fr\/louer-une-rolls-royce\/\"><strong>Rolls-Royce<\/strong><\/a>, et\n            <a href=\"https:\/\/car4rent.fr\/fr\/louer-une-audi\/\"><strong>Audi<\/strong><\/a>. et bien d&rsquo;autres. Uniquement les voitures de sport, les cabriolets et les SUV haut de gamme.<\/p>\n<p>Nous vous proposons la flotte de v\u00e9hicules de luxe la plus diversifi\u00e9e disponible sur la <a href=\"https:\/\/cotedazurfrance.fr\/decouvrir\/les-spots-incontournables\/top-12-des-lieux-incontournables-a-visiter-sur-la-cote-dazur\/\" target=\"_blank\" rel=\"noopener\">C\u00f4te d&rsquo;Azur<\/a>, entre <a href=\"https:\/\/www.sainttropeztourisme.com\/en\/\" target=\"_blank\" rel=\"noopener\">Saint-Tropez<\/a> et <a href=\"https:\/\/www.francethisway.com\/places\/monaco.php\" target=\"_blank\" rel=\"noopener\">Monaco<\/a>, vous trouverez \u00e9galement votre location de voiture prestige \u00e0 Cannes.<img loading=\"lazy\" decoding=\"async\" class=\"alignnone size-medium wp-image-13417\" src=\"https:\/\/car4rent.fr\/wp-content\/uploads\/\/White-collection-Car4rent-Cannes-1-300x83.jpg\" alt=\"Collection blanche Car4rent Cannes C\u00f4te d&#039;Azur\" width=\"300\" height=\"83\" title=\"Car4Rent Cannes\"><\/p>\n<figure data-fm-image-sharing=\"twitterTag:'TravellerAU'\" data-event-tracking-enabled=\"false\" data-track-data=\"{\"><\/figure>\n<figure id=\"fm-id-1\" class=\"media media--lead media--portrait-photo social--sharing is_fm-image-sharing is_fm-toggle\" data-fm-image-sharing=\"twitterTag:'TravellerAU'\" data-event-tracking-enabled=\"false\" data-track-data=\"{\"><\/figure>\n<\/div><\/section><\/div><\/p>\n\n<style type=\"text\/css\" data-created_by=\"avia_inline_auto\" id=\"style-css-av-aczc7l-7b38a08aac3a0888603efe9f224bbce3\">\n.flex_column.av-aczc7l-7b38a08aac3a0888603efe9f224bbce3{\nborder-radius:0px 0px 0px 0px;\npadding:0px 0px 0px 0px;\n}\n<\/style>\n<div  class='flex_column av-aczc7l-7b38a08aac3a0888603efe9f224bbce3 av_one_third  avia-builder-el-8  el_after_av_one_third  el_before_av_one_full  flex_column_div av-zero-column-padding  column-top-margin'     ><section  class='av_textblock_section av-94yc0x-3269f9cfe450da074d75c4f1e19fb442 '  ><div class='avia_textblock' ><h3 class=\"activity-title\" data-component=\"activity-title\">Pr\u00eat \u00e0 louer une voiture de luxe ?<\/h3>\n<p>Car4rent est sp\u00e9cialis\u00e9 dans la location de voitures de luxe sur la C\u00f4te d&rsquo;Azur, les circuits inoubliables et les exp\u00e9riences de sport automobile.<\/p>\n<h5>Location de Voiture Luxe : A partir de 260\u20ac\/ jour de location<\/h5>\n<p>Notre \u00e9quipe se tient \u00e0 votre disposition pour vous faire vivre les vacances de luxe dont vous r\u00eavez. Prenez contact avec nous d\u00e8s aujourd&rsquo;hui et pr\u00e9parez-vous \u00e0 vivre un voyage extraordinaire en supercar, un forfait sport automobile ou une exp\u00e9rience sur circuit pleine d&rsquo;adr\u00e9naline. Louer votre voiture de prestige \u00e0 Cannes avec Car4rent.<\/p>\n<p class=\"media media--lead media--portrait-photo social--sharing is_fm-image-sharing is_fm-toggle\" data-fm-image-sharing=\"twitterTag:'TravellerAU'\" data-event-tracking-enabled=\"false\" data-track-data=\"{\"><img loading=\"lazy\" decoding=\"async\" class=\"alignnone size-medium wp-image-3650\" src=\"https:\/\/car4rent.fr\/wp-content\/uploads\/monaco-groupe-cannes-300x225.webp\" alt=\"Car4Rent\" width=\"300\" height=\"225\" title=\"Car4Rent Cannes\"><\/p>\n<\/div><\/section><\/div>\n<style type=\"text\/css\" data-created_by=\"avia_inline_auto\" id=\"style-css-av-7b9kup-753e5463f40379cafcba17e9a0a08eae\">\n.flex_column.av-7b9kup-753e5463f40379cafcba17e9a0a08eae{\nborder-radius:0px 0px 0px 0px;\npadding:0px 0px 0px 0px;\n}\n<\/style>\n<div  class='flex_column av-7b9kup-753e5463f40379cafcba17e9a0a08eae av_one_full  avia-builder-el-10  el_after_av_one_third  el_before_av_section  avia-builder-el-last  first flex_column_div av-zero-column-padding  column-top-margin'     ><p><div  class='hr av-5ukxj5-fb609575b2c50842fcad4292eb23c369 hr-default  avia-builder-el-11  el_before_av_heading  avia-builder-el-first '><span class='hr-inner '><span class=\"hr-inner-style\"><\/span><\/span><\/div><br \/>\n\n<style type=\"text\/css\" data-created_by=\"avia_inline_auto\" id=\"style-css-av-48l3ht-5b712a0278cfd018bc89f28752d5434c\">\n#top .av-special-heading.av-48l3ht-5b712a0278cfd018bc89f28752d5434c{\npadding-bottom:10px;\n}\nbody .av-special-heading.av-48l3ht-5b712a0278cfd018bc89f28752d5434c .av-special-heading-tag .heading-char{\nfont-size:25px;\n}\n.av-special-heading.av-48l3ht-5b712a0278cfd018bc89f28752d5434c .av-subheading{\nfont-size:15px;\n}\n<\/style>\n<div  class='av-special-heading av-48l3ht-5b712a0278cfd018bc89f28752d5434c av-special-heading-h4 blockquote modern-quote modern-centered  avia-builder-el-12  el_after_av_hr  el_before_av_blog '><h4 class='av-special-heading-tag '  >Articles similaires<\/h4><div class=\"special-heading-border\"><div class=\"special-heading-inner-border\"><\/div><\/div><\/div><br \/>\n<\/p><\/div><\/p>\n<\/div><\/div><\/div><!-- close content main div --><\/div><\/div><div id='av_section_1'  class='avia-section av-1d0p3j6-10b5b3feb1779d93f04942b2b5369351 main_color avia-section-default avia-no-border-styling  avia-builder-el-14  el_after_av_one_full  avia-builder-el-last  avia-bg-style-scroll container_wrap fullsize'  ><div class='container av-section-cont-open' ><div class='template-page content  av-content-full alpha units'><div class='post-entry post-entry-type-page post-entry-30667'><div class='entry-content-wrapper clearfix'>\n<div  class='avia-builder-widget-area clearfix  avia-builder-el-15  avia-builder-el-no-sibling '><div id=\"text-9\" class=\"widget clearfix widget_text\">\t\t\t<div class=\"textwidget\"><p style=\"text-align: center;\">    <div class=\"car4rent-share-block car4rent-fr\">\n        <a href=\"https:\/\/www.facebook.com\/sharer\/sharer.php?u=\" target=\"_blank\" rel=\"noopener\"><i class=\"fa-brands fa-facebook\"><\/i> Partager<\/a>\n        <a href=\"https:\/\/x.com\/intent\/tweet?url=&amp;text=\" target=\"_blank\" rel=\"noopener\"><i class=\"fa-brands fa-x-twitter\"><\/i> X<\/a>\n        <a href=\"https:\/\/wa.me\/?text=%20\" target=\"_blank\" rel=\"noopener\"><i class=\"fa-brands fa-whatsapp\"><\/i> WhatsApp<\/a>\n        <a href=\"https:\/\/www.instagram.com\/car4rent_cannes\/\" target=\"_blank\" rel=\"noopener\"><i class=\"fa-brands fa-instagram\"><\/i> Instagram<\/a>\n        <a href=\"https:\/\/www.linkedin.com\/company\/car4rent\/about\/\" target=\"_blank\" rel=\"noopener\"><i class=\"fa-brands fa-linkedin\"><\/i> LinkedIn<\/a>\n        <a href=\"https:\/\/www.youtube.com\/@car4rentcannes839\" target=\"_blank\" rel=\"noopener\"><i class=\"fa-brands fa-youtube\"><\/i> YouTube<\/a>\n    <\/div>\n    <\/p>\n<\/div>\n\t\t<\/div><\/div>\n\n","protected":false},"excerpt":{"rendered":"","protected":false},"author":3,"featured_media":30045,"comment_status":"closed","ping_status":"closed","sticky":false,"template":"","format":"standard","meta":{"_acf_changed":false,"footnotes":""},"categories":[5369],"tags":[5424,5469,5690,5691,5707,5374,5684,5708,5451,5698,5430,5439,5693,5685,5610,5697,5605,5597,5689,5688,5696,5695,7146,7144,7352,7324,7367,1250,7145,7356,7353],"class_list":["post-30667","post","type-post","status-publish","format-standard","has-post-thumbnail","hentry","category-blog-fr","tag-car4rent-fr","tag-car4rent-monaco-fr","tag-car4rent-nice-fr","tag-car4rent-saint-tropez-fr","tag-location-de-voiture-a-bon-prix","tag-location-de-voiture-a-cannes","tag-location-de-voiture-de-luxe-cote-dazur","tag-location-de-voitures-a-des-prix-tres-bas","tag-location-de-voitures-de-luxe","tag-location-de-voitures-de-luxe-a-antibes","tag-location-de-voitures-de-luxe-a-cannes","tag-location-de-voitures-de-luxe-a-monaco","tag-location-de-voitures-de-luxe-a-sain-tropez","tag-location-de-voitures-de-luxe-en-france","tag-location-de-voitures-de-sport","tag-location-de-voitures-de-sport-a-antibes","tag-location-de-voitures-de-sport-a-cannes","tag-location-de-voitures-de-sport-a-monaco","tag-location-de-voitures-de-sport-cote-dazur","tag-location-de-voitures-de-sport-france","tag-location-de-voitures-de-sport-nice","tag-location-de-voitures-de-sport-saint-tropez","tag-luxury-car-hire-fr-2","tag-luxury-car-hire-antibes-fr","tag-luxury-car-hire-cannes-fr","tag-luxury-car-hire-french-riviera-fr","tag-luxury-car-hire-monaco-fr","tag-luxury-car-hire-nice","tag-luxury-car-rental-france-fr","tag-sports-car-hire-monaco-fr","tag-sports-car-rental-antibes-fr"],"acf":[],"_links":{"self":[{"href":"https:\/\/car4rent.fr\/fr\/wp-json\/wp\/v2\/posts\/30667","targetHints":{"allow":["GET"]}}],"collection":[{"href":"https:\/\/car4rent.fr\/fr\/wp-json\/wp\/v2\/posts"}],"about":[{"href":"https:\/\/car4rent.fr\/fr\/wp-json\/wp\/v2\/types\/post"}],"author":[{"embeddable":true,"href":"https:\/\/car4rent.fr\/fr\/wp-json\/wp\/v2\/users\/3"}],"replies":[{"embeddable":true,"href":"https:\/\/car4rent.fr\/fr\/wp-json\/wp\/v2\/comments?post=30667"}],"version-history":[{"count":0,"href":"https:\/\/car4rent.fr\/fr\/wp-json\/wp\/v2\/posts\/30667\/revisions"}],"wp:featuredmedia":[{"embeddable":true,"href":"https:\/\/car4rent.fr\/fr\/wp-json\/wp\/v2\/media\/30045"}],"wp:attachment":[{"href":"https:\/\/car4rent.fr\/fr\/wp-json\/wp\/v2\/media?parent=30667"}],"wp:term":[{"taxonomy":"category","embeddable":true,"href":"https:\/\/car4rent.fr\/fr\/wp-json\/wp\/v2\/categories?post=30667"},{"taxonomy":"post_tag","embeddable":true,"href":"https:\/\/car4rent.fr\/fr\/wp-json\/wp\/v2\/tags?post=30667"}],"curies":[{"name":"wp","href":"https:\/\/api.w.org\/{rel}","templated":true}]}}